{"id":96,"date":"2022-02-21T13:34:10","date_gmt":"2022-02-21T12:34:10","guid":{"rendered":"https:\/\/neu.staerk-consulting.de\/fr\/?p=96"},"modified":"2023-01-17T12:30:49","modified_gmt":"2023-01-17T11:30:49","slug":"formation-ciblee-a-vos-besoins","status":"publish","type":"post","link":"https:\/\/staerk-consulting.de\/fr\/formation-ciblee-a-vos-besoins\/","title":{"rendered":"UNE FORMATION ADAPTEE A VOS BESOINS"},"content":{"rendered":"\n<h3 class=\"wp-block-heading\" id=\"accompagnement-et-conseillage-interculturel\">CONSEIL INTERCULTUREL ET ACCOMPAGNEMENT<\/h3>\n\n\n\n<p>Vous travaillez avec des \u00e9quipes multinationales, vous souhaitez d\u00e9passer les blocages aff\u00e9rents et optimiser votre positionnement strat\u00e9gique?<\/p>\n\n\n\n<p>Pour cela je mets en place avec vous des strat\u00e9gies porteuses de r\u00e9sultats. <\/p>\n\n\n\n<p>Je vous accompagne ainsi que vos \u00e9quipes en mode coaching et dans une approche adapt\u00e9e \u00e0 votre situation et votre contexte. <\/p>\n","protected":false},"excerpt":{"rendered":"<p>CONSEIL INTERCULTUREL ET ACCOMPAGNEMENT Vous travaillez avec des \u00e9quipes multinationales, vous souhaitez d\u00e9passer les blocages aff\u00e9rents et optimiser votre positionnement strat\u00e9gique? Pour cela je mets en place avec vous des strat\u00e9gies porteuses de r\u00e9sultats. Je vous accompagne ainsi que vos \u00e9quipes en mode coaching et dans une approche adapt\u00e9e \u00e0 votre situation et votre contexte.<\/p>\n","protected":false},"author":2,"featured_media":0,"comment_status":"closed","ping_status":"closed","sticky":false,"template":"","format":"standard","meta":{"_acf_changed":false,"footnotes":""},"categories":[1],"tags":[],"class_list":["post-96","post","type-post","status-publish","format-standard","hentry","category-allgemein"],"acf":[],"_links":{"self":[{"href":"https:\/\/staerk-consulting.de\/fr\/wp-json\/wp\/v2\/posts\/96","targetHints":{"allow":["GET"]}}],"collection":[{"href":"https:\/\/staerk-consulting.de\/fr\/wp-json\/wp\/v2\/posts"}],"about":[{"href":"https:\/\/staerk-consulting.de\/fr\/wp-json\/wp\/v2\/types\/post"}],"author":[{"embeddable":true,"href":"https:\/\/staerk-consulting.de\/fr\/wp-json\/wp\/v2\/users\/2"}],"replies":[{"embeddable":true,"href":"https:\/\/staerk-consulting.de\/fr\/wp-json\/wp\/v2\/comments?post=96"}],"version-history":[{"count":3,"href":"https:\/\/staerk-consulting.de\/fr\/wp-json\/wp\/v2\/posts\/96\/revisions"}],"predecessor-version":[{"id":206,"href":"https:\/\/staerk-consulting.de\/fr\/wp-json\/wp\/v2\/posts\/96\/revisions\/206"}],"wp:attachment":[{"href":"https:\/\/staerk-consulting.de\/fr\/wp-json\/wp\/v2\/media?parent=96"}],"wp:term":[{"taxonomy":"category","embeddable":true,"href":"https:\/\/staerk-consulting.de\/fr\/wp-json\/wp\/v2\/categories?post=96"},{"taxonomy":"post_tag","embeddable":true,"href":"https:\/\/staerk-consulting.de\/fr\/wp-json\/wp\/v2\/tags?post=96"}],"curies":[{"name":"wp","href":"https:\/\/api.w.org\/{rel}","templated":true}]}}